{"id":7179,"date":"2018-08-14T20:05:28","date_gmt":"2018-08-14T20:05:28","guid":{"rendered":"http:\/\/www.graficsuisse.cl\/?p=7179"},"modified":"2018-08-14T20:10:31","modified_gmt":"2018-08-14T20:10:31","slug":"libretas-ecologicas","status":"publish","type":"post","link":"https:\/\/www.graficsuisse.cl\/?p=7179","title":{"rendered":"LIBRETAS ECOL\u00d3GICAS"},"content":{"rendered":"<p>Sorprenda a sus clientes con una pr\u00e1ctica, innovadora y \u00fatil libreta de bolsillo.<\/p>\n<p>Antic\u00edpese a desarrollar sus proyectos para fin de a\u00f1o.<\/p>\n<p>TAPAS: en Cartulina reciclada, sin blanqueadores.<\/p>\n<p>INTERIOR: \u00a0Bond Natural eco Paper de 72 gm2 (reciclado).<\/p>\n<p><a href=\"http:\/\/www.graficsuisse.cl\/wp-content\/uploads\/2018\/08\/folianegra_libretaeco_760x427.jpg\"><img loading=\"lazy\" decoding=\"async\" class=\"alignnone wp-image-7180 size-full\" src=\"http:\/\/www.graficsuisse.cl\/wp-content\/uploads\/2018\/08\/folianegra_libretaeco_760x427-e1534276862847.jpg\" alt=\"\" width=\"760\" height=\"427\" srcset=\"https:\/\/www.graficsuisse.cl\/wp-content\/uploads\/2018\/08\/folianegra_libretaeco_760x427-e1534276862847.jpg 760w, https:\/\/www.graficsuisse.cl\/wp-content\/uploads\/2018\/08\/folianegra_libretaeco_760x427-e1534276862847-300x169.jpg 300w, https:\/\/www.graficsuisse.cl\/wp-content\/uploads\/2018\/08\/folianegra_libretaeco_760x427-e1534276862847-330x185.jpg 330w, https:\/\/www.graficsuisse.cl\/wp-content\/uploads\/2018\/08\/folianegra_libretaeco_760x427-e1534276862847-736x414.jpg 736w, https:\/\/www.graficsuisse.cl\/wp-content\/uploads\/2018\/08\/folianegra_libretaeco_760x427-e1534276862847-414x233.jpg 414w\" sizes=\"auto, (max-width: 760px) 100vw, 760px\" \/><\/a> <a href=\"http:\/\/www.graficsuisse.cl\/wp-content\/uploads\/2018\/08\/libretas_ecologicas_760x427.jpg\"><img loading=\"lazy\" decoding=\"async\" class=\"alignleft wp-image-7183 size-full\" src=\"http:\/\/www.graficsuisse.cl\/wp-content\/uploads\/2018\/08\/libretas_ecologicas_760x427-e1534276827474.jpg\" alt=\"\" width=\"760\" height=\"427\" srcset=\"https:\/\/www.graficsuisse.cl\/wp-content\/uploads\/2018\/08\/libretas_ecologicas_760x427-e1534276827474.jpg 760w, https:\/\/www.graficsuisse.cl\/wp-content\/uploads\/2018\/08\/libretas_ecologicas_760x427-e1534276827474-300x169.jpg 300w, https:\/\/www.graficsuisse.cl\/wp-content\/uploads\/2018\/08\/libretas_ecologicas_760x427-e1534276827474-330x185.jpg 330w, https:\/\/www.graficsuisse.cl\/wp-content\/uploads\/2018\/08\/libretas_ecologicas_760x427-e1534276827474-736x414.jpg 736w, https:\/\/www.graficsuisse.cl\/wp-content\/uploads\/2018\/08\/libretas_ecologicas_760x427-e1534276827474-414x233.jpg 414w\" sizes=\"auto, (max-width: 760px) 100vw, 760px\" \/><\/a> <a href=\"http:\/\/www.graficsuisse.cl\/wp-content\/uploads\/2018\/08\/libretas_ecologicas_524x480.jpg\"><img loading=\"lazy\" decoding=\"async\" class=\"alignnone wp-image-7182 size-full\" src=\"http:\/\/www.graficsuisse.cl\/wp-content\/uploads\/2018\/08\/libretas_ecologicas_524x480-e1534276891890.jpg\" alt=\"\" width=\"524\" height=\"480\" srcset=\"https:\/\/www.graficsuisse.cl\/wp-content\/uploads\/2018\/08\/libretas_ecologicas_524x480-e1534276891890.jpg 524w, https:\/\/www.graficsuisse.cl\/wp-content\/uploads\/2018\/08\/libretas_ecologicas_524x480-e1534276891890-300x275.jpg 300w, https:\/\/www.graficsuisse.cl\/wp-content\/uploads\/2018\/08\/libretas_ecologicas_524x480-e1534276891890-284x260.jpg 284w, https:\/\/www.graficsuisse.cl\/wp-content\/uploads\/2018\/08\/libretas_ecologicas_524x480-e1534276891890-452x414.jpg 452w, https:\/\/www.graficsuisse.cl\/wp-content\/uploads\/2018\/08\/libretas_ecologicas_524x480-e1534276891890-414x379.jpg 414w\" sizes=\"auto, (max-width: 524px) 100vw, 524px\" \/><\/a> <a href=\"http:\/\/www.graficsuisse.cl\/wp-content\/uploads\/2018\/08\/interior_libretaeco_576x480.jpg\"><img loading=\"lazy\" decoding=\"async\" class=\"alignnone wp-image-7181 size-full\" src=\"http:\/\/www.graficsuisse.cl\/wp-content\/uploads\/2018\/08\/interior_libretaeco_576x480-e1534276922884.jpg\" alt=\"\" width=\"576\" height=\"480\" srcset=\"https:\/\/www.graficsuisse.cl\/wp-content\/uploads\/2018\/08\/interior_libretaeco_576x480-e1534276922884.jpg 576w, https:\/\/www.graficsuisse.cl\/wp-content\/uploads\/2018\/08\/interior_libretaeco_576x480-e1534276922884-300x250.jpg 300w, https:\/\/www.graficsuisse.cl\/wp-content\/uploads\/2018\/08\/interior_libretaeco_576x480-e1534276922884-312x260.jpg 312w, https:\/\/www.graficsuisse.cl\/wp-content\/uploads\/2018\/08\/interior_libretaeco_576x480-e1534276922884-497x414.jpg 497w, https:\/\/www.graficsuisse.cl\/wp-content\/uploads\/2018\/08\/interior_libretaeco_576x480-e1534276922884-414x345.jpg 414w\" sizes=\"auto, (max-width: 576px) 100vw, 576px\" \/><\/a><\/p>\n<p><a href=\"http:\/\/www.graficsuisse.cl\/\">#Imprenta<\/a><\/p>\n<p><a href=\"#LibretasEcol\u00f3gicas\">#LibretasEcol\u00f3gicas<\/a><\/p>\n<p><a href=\"http:\/\/www.graficsuisse.cl\/?page_id=18\">#graficsuisse <\/a><\/p>\n<p><a href=\"#Buenservicio\">#Buenservicio<\/a><\/p>\n<p><a href=\"#www.info@graficsuisse.cl\">#cont\u00e1ctenos:<\/a><a href=\"#www.info@graficsuisse.cl\">info@graficsuisse.cl<\/a><\/p>\n<p>&nbsp;<\/p>\n<p>&nbsp;<\/p>\n","protected":false},"excerpt":{"rendered":"<p>Sorprenda a sus clientes con una pr\u00e1ctica, innovadora y \u00fatil libreta de bolsillo. Antic\u00edpese a desarrollar sus proyectos para fin de a\u00f1o. TAPAS: en Cartulina reciclada, sin blanqueadores. INTERIOR: \u00a0Bond Natural eco Paper de 72 gm2 (reciclado). #Imprenta #LibretasEcol\u00f3gicas #graficsuisse #Buenservicio #cont\u00e1ctenos:info@graficsuisse.cl &nbsp; &nbsp;<\/p>\n","protected":false},"author":2,"featured_media":7183,"comment_status":"closed","ping_status":"open","sticky":false,"template":"","format":"standard","meta":{"footnotes":""},"categories":[1],"tags":[],"class_list":["post-7179","post","type-post","status-publish","format-standard","has-post-thumbnail","hentry","category-uncategorized"],"_links":{"self":[{"href":"https:\/\/www.graficsuisse.cl\/index.php?rest_route=\/wp\/v2\/posts\/7179","targetHints":{"allow":["GET"]}}],"collection":[{"href":"https:\/\/www.graficsuisse.cl\/index.php?rest_route=\/wp\/v2\/posts"}],"about":[{"href":"https:\/\/www.graficsuisse.cl\/index.php?rest_route=\/wp\/v2\/types\/post"}],"author":[{"embeddable":true,"href":"https:\/\/www.graficsuisse.cl\/index.php?rest_route=\/wp\/v2\/users\/2"}],"replies":[{"embeddable":true,"href":"https:\/\/www.graficsuisse.cl\/index.php?rest_route=%2Fwp%2Fv2%2Fcomments&post=7179"}],"version-history":[{"count":2,"href":"https:\/\/www.graficsuisse.cl\/index.php?rest_route=\/wp\/v2\/posts\/7179\/revisions"}],"predecessor-version":[{"id":7185,"href":"https:\/\/www.graficsuisse.cl\/index.php?rest_route=\/wp\/v2\/posts\/7179\/revisions\/7185"}],"wp:featuredmedia":[{"embeddable":true,"href":"https:\/\/www.graficsuisse.cl\/index.php?rest_route=\/wp\/v2\/media\/7183"}],"wp:attachment":[{"href":"https:\/\/www.graficsuisse.cl\/index.php?rest_route=%2Fwp%2Fv2%2Fmedia&parent=7179"}],"wp:term":[{"taxonomy":"category","embeddable":true,"href":"https:\/\/www.graficsuisse.cl\/index.php?rest_route=%2Fwp%2Fv2%2Fcategories&post=7179"},{"taxonomy":"post_tag","embeddable":true,"href":"https:\/\/www.graficsuisse.cl\/index.php?rest_route=%2Fwp%2Fv2%2Ftags&post=7179"}],"curies":[{"name":"wp","href":"https:\/\/api.w.org\/{rel}","templated":true}]}}